{"id":755,"date":"2019-10-06T23:06:14","date_gmt":"2019-10-06T21:06:14","guid":{"rendered":"https:\/\/ff.meckenhausen.com\/?p=755"},"modified":"2019-10-07T00:11:43","modified_gmt":"2019-10-06T22:11:43","slug":"vereinsausflug-nach-wuerzburg","status":"publish","type":"post","link":"https:\/\/ff.meckenhausen.com\/index.php\/2019\/10\/06\/vereinsausflug-nach-wuerzburg\/","title":{"rendered":"Vereinsausflug nach W\u00fcrzburg"},"content":{"rendered":"\n<p>Am Samstag, dem 5. Oktober, fand der j\u00e4hrliche Vereinsausflug der FF Meckenhausen statt. Dieses Jahr wurde die Stadt W\u00fcrzburg besucht.<\/p>\n\n\n\n<p>Der Ausflug begann um 6:30 Uhr morgens in Meckenhausen, den ersten Halt, die Staatliche Feuerwehrschule W\u00fcrzburg, erreichten die Kameraden um ca. 9:00 Uhr. Nach einer kurzen Brotzeit wurde die 32m hohe \u00dcbungshalle sowie die Fahrzeuge der Schule und das Brand\u00fcbungshaus besichtigt .<\/p>\n\n\n\n<p>Die \u00dcbungshalle wurde 2016 er\u00f6ffnet und erlaubt eine wetterunabh\u00e4ngige und realit\u00e4tsnahe Darstellung vieler Einsatzszenarien. Dazu wurden in der Halle unter anderem ein Einfamilienhaus, Mehrfamilienhaus, Hotel, Hochhaus, verschiedene Gesch\u00e4fte sowie ein Kanalsystem errichtet. <\/p>\n\n\n\nngg_shortcode_0_placeholder\n\n\n\n<p>Um auf dem Gel\u00e4nde der Schule sowie in der Halle Einsatzszenarien zu \u00fcben, sind verschiedenste Fahrzeuge erforderlich. Dazu sind an der Schule mehr als 30 Fahrzeuge aller Art stationiert.<\/p>\n\n\n\n<p>Um auch das Vorgehen von Atemschutzger\u00e4tetr\u00e4gern zum L\u00f6schen von Br\u00e4nden unter realistischen Temperatur- und Sichtverh\u00e4ltnissen \u00fcben zu k\u00f6nnen, befindet sich auf dem Gel\u00e4nde der Feuerwehrschule auch das aktuell bayernweit einzige Brand\u00fcbungshaus. Dort werden mit Propangas Br\u00e4nde simuliert, bei denen sich insbesondere Hitze- und Rauchentwicklung sowie das Entstehen von Wasserdampf beim L\u00f6schen eines Brandes realistisch \u00fcben lassen. <\/p>\n\n\n\nngg_shortcode_1_placeholder\n\n\n\n<p>Am Ende der F\u00fchrung \u00fcber das Gel\u00e4nde der Feuerwehrschule machten sich die Teilnehmer des Ausfluges auf den Weg zum gemeinsamen Mittagessen in W\u00fcrzburg. Anschlie\u00dfend blieb Zeit die Stadt auf eigene Faust zu erkunden.<\/p>\n\n\n\nngg_shortcode_2_placeholder\n\n\n\n<p>Um 15:00 Uhr begann die\nSchifffahrt auf dem Main nach Veitsh\u00f6chheim.<\/p>\n\n\n\n<p>Die Kameraden lie\u00dfen den Ausflug dann auf dem Weinfest in Abtswind ausklingen.<\/p>\n\n\n\nngg_shortcode_3_placeholder\n\n\n\n<p><em>Bilder: Rafael Baraniewicz<\/em><\/p>\n","protected":false},"excerpt":{"rendered":"<p>Am Samstag, dem 5. Oktober, fand der j\u00e4hrliche Vereinsausflug der FF Meckenhausen statt. Dieses Jahr wurde die Stadt W\u00fcrzburg besucht. Der Ausflug begann um 6:30 &hellip; <\/p>\n","protected":false},"author":1,"featured_media":805,"comment_status":"closed","ping_status":"closed","sticky":false,"template":"","format":"standard","meta":{"ngg_post_thumbnail":0,"cybocfi_hide_featured_image":"","footnotes":""},"categories":[6],"tags":[20],"class_list":["post-755","post","type-post","status-publish","format-standard","has-post-thumbnail","hentry","category-news","tag-galerie"],"_links":{"self":[{"href":"https:\/\/ff.meckenhausen.com\/index.php\/wp-json\/wp\/v2\/posts\/755","targetHints":{"allow":["GET"]}}],"collection":[{"href":"https:\/\/ff.meckenhausen.com\/index.php\/wp-json\/wp\/v2\/posts"}],"about":[{"href":"https:\/\/ff.meckenhausen.com\/index.php\/wp-json\/wp\/v2\/types\/post"}],"author":[{"embeddable":true,"href":"https:\/\/ff.meckenhausen.com\/index.php\/wp-json\/wp\/v2\/users\/1"}],"replies":[{"embeddable":true,"href":"https:\/\/ff.meckenhausen.com\/index.php\/wp-json\/wp\/v2\/comments?post=755"}],"version-history":[{"count":10,"href":"https:\/\/ff.meckenhausen.com\/index.php\/wp-json\/wp\/v2\/posts\/755\/revisions"}],"predecessor-version":[{"id":813,"href":"https:\/\/ff.meckenhausen.com\/index.php\/wp-json\/wp\/v2\/posts\/755\/revisions\/813"}],"wp:featuredmedia":[{"embeddable":true,"href":"https:\/\/ff.meckenhausen.com\/index.php\/wp-json\/wp\/v2\/media\/805"}],"wp:attachment":[{"href":"https:\/\/ff.meckenhausen.com\/index.php\/wp-json\/wp\/v2\/media?parent=755"}],"wp:term":[{"taxonomy":"category","embeddable":true,"href":"https:\/\/ff.meckenhausen.com\/index.php\/wp-json\/wp\/v2\/categories?post=755"},{"taxonomy":"post_tag","embeddable":true,"href":"https:\/\/ff.meckenhausen.com\/index.php\/wp-json\/wp\/v2\/tags?post=755"}],"curies":[{"name":"wp","href":"https:\/\/api.w.org\/{rel}","templated":true}]}}